{"id":299,"date":"2025-11-17T09:54:07","date_gmt":"2025-11-17T09:54:07","guid":{"rendered":"http:\/\/some-fot.hu\/?p=299"},"modified":"2025-11-17T09:56:38","modified_gmt":"2025-11-17T09:56:38","slug":"2-somlyo-gitarverseny-2025-november-28-29","status":"publish","type":"post","link":"http:\/\/some-fot.hu\/?p=299","title":{"rendered":"2. Somly\u00f3 Git\u00e1rverseny"},"content":{"rendered":"\n<p class=\"has-medium-font-size\"><strong>2025. november 28-29.<\/strong><\/p>\n\n\n\n<p><\/p>\n\n\n\n<p>Tervezett program:<\/p>\n\n\n\n<p>2025.11.28. p\u00e9ntek &#8211; V\u00f6r\u00f6smarty M\u0171vel\u0151d\u00e9si H\u00e1z<\/p>\n\n\n\n<p>9:00 &#8211; \u00dcnnep\u00e9lyes megnyit\u00f3<br>9:20 &#8211; 1. korcsoport, 2. korcsoport<br>10:30 &#8211; 3. korcsoport<br>12:30 &#8211; Eb\u00e9d<br>13:30 &#8211; Eredm\u00e9nyhirdet\u00e9s 1. 2. 3. korcsoport<br>14:30 &#8211; 4. korcsoport<br>16:00 &#8211; 5. korcsoport<br>18:00 &#8211; Eredm\u00e9nyhidet\u00e9s 4. 5. korcsoport<\/p>\n\n\n\n<p>&#8212;&#8212;&#8212;&#8212;&#8212;&#8212;&#8212;&#8212;&#8212;&#8212;&#8212;&#8212;&#8212;&#8212;&#8212;&#8212;&#8212;&#8212;&#8212;&#8212;&#8212;&#8212;&#8212;&#8211;<\/p>\n\n\n\n<p>2025.11.29. szombat &#8211; K\u00e1rolyi Kast\u00e9ly<\/p>\n\n\n\n<p>9:00 &#8211; 6. korcsoport<br>10:00 &#8211; Eredm\u00e9nyhirdet\u00e9s 6. korcsoport<br>10:30 &#8211; Szakiskola 1. korcsoport<br>11:30 &#8211; Szakiskola 2. korcsoport<br>13:00 &#8211; Eb\u00e9d<br>14:00 &#8211; Szakiskola 3. korcsoport<br>16:00 &#8211; Eredm\u00e9nyhirdet\u00e9s szakiskola 1. 2. 3.<\/p>\n\n\n\n<p>A program v\u00e9g\u00e9n szakmai besz\u00e9lget\u00e9sre v\u00e1rja a Koll\u00e9g\u00e1kat a zs\u0171ri eln\u00f6ke, Paulikovics P\u00e1l<\/p>\n\n\n\n<figure class=\"wp-block-image size-full\"><img loading=\"lazy\" decoding=\"async\" width=\"1429\" height=\"2021\" src=\"http:\/\/some-fot.hu\/wp-content\/uploads\/SOMLYOhelyszinnel.jpg\" alt=\"\" class=\"wp-image-297\"\/><\/figure>\n","protected":false},"excerpt":{"rendered":"<p>2025. november 28-29. Tervezett program: 2025.11.28. p\u00e9ntek &#8211; V\u00f6r\u00f6smarty M\u0171vel\u0151d\u00e9si H\u00e1z 9:00 &#8211; \u00dcnnep\u00e9lyes megnyit\u00f39:20 &#8211; 1. korcsoport, 2. korcsoport10:30 &#8211; 3. korcsoport12:30 &#8211; Eb\u00e9d13:30 &#8211; Eredm\u00e9nyhirdet\u00e9s 1. 2. 3. korcsoport14:30 &#8211; 4. korcsoport16:00 &#8211; 5. korcsoport18:00 &#8211; Eredm\u00e9nyhidet\u00e9s 4. 5. korcsoport &#8212;&#8212;&#8212;&#8212;&#8212;&#8212;&#8212;&#8212;&#8212;&#8212;&#8212;&#8212;&#8212;&#8212;&#8212;&#8212;&#8212;&#8212;&#8212;&#8212;&#8212;&#8212;&#8212;&#8211; 2025.11.29. szombat &#8211; K\u00e1rolyi Kast\u00e9ly 9:00 &#8211; 6. korcsoport10:00 &#8211; Eredm\u00e9nyhirdet\u00e9s 6. [&hellip;]<\/p>\n","protected":false},"author":1,"featured_media":0,"comment_status":"open","ping_status":"open","sticky":false,"template":"","format":"standard","meta":{"footnotes":""},"categories":[1],"tags":[],"class_list":["post-299","post","type-post","status-publish","format-standard","hentry","category-egyeb"],"_links":{"self":[{"href":"http:\/\/some-fot.hu\/index.php?rest_route=\/wp\/v2\/posts\/299","targetHints":{"allow":["GET"]}}],"collection":[{"href":"http:\/\/some-fot.hu\/index.php?rest_route=\/wp\/v2\/posts"}],"about":[{"href":"http:\/\/some-fot.hu\/index.php?rest_route=\/wp\/v2\/types\/post"}],"author":[{"embeddable":true,"href":"http:\/\/some-fot.hu\/index.php?rest_route=\/wp\/v2\/users\/1"}],"replies":[{"embeddable":true,"href":"http:\/\/some-fot.hu\/index.php?rest_route=%2Fwp%2Fv2%2Fcomments&post=299"}],"version-history":[{"count":4,"href":"http:\/\/some-fot.hu\/index.php?rest_route=\/wp\/v2\/posts\/299\/revisions"}],"predecessor-version":[{"id":303,"href":"http:\/\/some-fot.hu\/index.php?rest_route=\/wp\/v2\/posts\/299\/revisions\/303"}],"wp:attachment":[{"href":"http:\/\/some-fot.hu\/index.php?rest_route=%2Fwp%2Fv2%2Fmedia&parent=299"}],"wp:term":[{"taxonomy":"category","embeddable":true,"href":"http:\/\/some-fot.hu\/index.php?rest_route=%2Fwp%2Fv2%2Fcategories&post=299"},{"taxonomy":"post_tag","embeddable":true,"href":"http:\/\/some-fot.hu\/index.php?rest_route=%2Fwp%2Fv2%2Ftags&post=299"}],"curies":[{"name":"wp","href":"https:\/\/api.w.org\/{rel}","templated":true}]}}