{"id":317,"date":"2026-04-20T08:39:50","date_gmt":"2026-04-20T08:39:50","guid":{"rendered":"http:\/\/some-fot.hu\/?p=317"},"modified":"2026-04-20T08:44:36","modified_gmt":"2026-04-20T08:44:36","slug":"a-ii-somlyo-gitarverseny-kiemelt-dijazottjai-koncertet-adtak-debrecenben","status":"publish","type":"post","link":"http:\/\/some-fot.hu\/?p=317","title":{"rendered":"A II. Somly\u00f3 Git\u00e1rverseny kiemelt d\u00edjazottjai koncertet adtak Debrecenben"},"content":{"rendered":"\n<p>A II. Somly\u00f3 Git\u00e1rversenyen 2025. november 29-\u00e9n zenem\u0171v\u00e9szeti szakiskol\u00e1sok m\u00e9retettett\u00e9k meg magukat. A zs\u0171ri egyik tagja &#8211; \u00d3v\u00e1ry Zolt\u00e1n a debreceni Kod\u00e1ly Zolt\u00e1n Zenem\u0171v\u00e9szeti Szakimn\u00e1zium igazgat\u00f3ja \u00e9s a Debreceni Egyetem git\u00e1rtan\u00e1ra &#8211; felaj\u00e1nlott a kiemelked\u0151en teljes\u00edt\u0151 versenyz\u0151knek egy k\u00fcl\u00f6nd\u00edjat, hogy koncert lehet\u0151s\u00e9get kapnak Debrecen v\u00e1ros\u00e1ban.<\/p>\n\n\n\n<p>Ezt a megtiszteltet\u00e9st S\u00e1ndor Kinga \u00e9s Dervaderics Botond D\u00e1vid kapta, akik nemr\u00e9g eleget is tettek a felk\u00e9r\u00e9snek \u00e9s sikeres koncertet adtak.<\/p>\n\n\n\n<p>Ezuton is k\u00f6sz\u00f6nj\u00fck \u00d3v\u00e1ry Zolt\u00e1nnak a felaj\u00e1nl\u00e1st, \u00e9s gratul\u00e1lunk a fiataloknak!<\/p>\n\n\n\n<figure class=\"wp-block-image size-full\"><img loading=\"lazy\" decoding=\"async\" width=\"4032\" height=\"3024\" src=\"http:\/\/some-fot.hu\/wp-content\/uploads\/unnamed.jpg\" alt=\"\" class=\"wp-image-318\"\/><\/figure>\n","protected":false},"excerpt":{"rendered":"<p>A II. Somly\u00f3 Git\u00e1rversenyen 2025. november 29-\u00e9n zenem\u0171v\u00e9szeti szakiskol\u00e1sok m\u00e9retettett\u00e9k meg magukat. A zs\u0171ri egyik tagja &#8211; \u00d3v\u00e1ry Zolt\u00e1n a debreceni Kod\u00e1ly Zolt\u00e1n Zenem\u0171v\u00e9szeti Szakimn\u00e1zium igazgat\u00f3ja \u00e9s a Debreceni Egyetem git\u00e1rtan\u00e1ra &#8211; felaj\u00e1nlott a kiemelked\u0151en teljes\u00edt\u0151 versenyz\u0151knek egy k\u00fcl\u00f6nd\u00edjat, hogy koncert lehet\u0151s\u00e9get kapnak Debrecen v\u00e1ros\u00e1ban. Ezt a megtiszteltet\u00e9st S\u00e1ndor Kinga \u00e9s Dervaderics Botond D\u00e1vid kapta, [&hellip;]<\/p>\n","protected":false},"author":1,"featured_media":0,"comment_status":"open","ping_status":"open","sticky":false,"template":"","format":"standard","meta":{"footnotes":""},"categories":[1],"tags":[],"class_list":["post-317","post","type-post","status-publish","format-standard","hentry","category-egyeb"],"_links":{"self":[{"href":"http:\/\/some-fot.hu\/index.php?rest_route=\/wp\/v2\/posts\/317","targetHints":{"allow":["GET"]}}],"collection":[{"href":"http:\/\/some-fot.hu\/index.php?rest_route=\/wp\/v2\/posts"}],"about":[{"href":"http:\/\/some-fot.hu\/index.php?rest_route=\/wp\/v2\/types\/post"}],"author":[{"embeddable":true,"href":"http:\/\/some-fot.hu\/index.php?rest_route=\/wp\/v2\/users\/1"}],"replies":[{"embeddable":true,"href":"http:\/\/some-fot.hu\/index.php?rest_route=%2Fwp%2Fv2%2Fcomments&post=317"}],"version-history":[{"count":3,"href":"http:\/\/some-fot.hu\/index.php?rest_route=\/wp\/v2\/posts\/317\/revisions"}],"predecessor-version":[{"id":321,"href":"http:\/\/some-fot.hu\/index.php?rest_route=\/wp\/v2\/posts\/317\/revisions\/321"}],"wp:attachment":[{"href":"http:\/\/some-fot.hu\/index.php?rest_route=%2Fwp%2Fv2%2Fmedia&parent=317"}],"wp:term":[{"taxonomy":"category","embeddable":true,"href":"http:\/\/some-fot.hu\/index.php?rest_route=%2Fwp%2Fv2%2Fcategories&post=317"},{"taxonomy":"post_tag","embeddable":true,"href":"http:\/\/some-fot.hu\/index.php?rest_route=%2Fwp%2Fv2%2Ftags&post=317"}],"curies":[{"name":"wp","href":"https:\/\/api.w.org\/{rel}","templated":true}]}}